{"id":5522,"date":"2022-11-24T09:17:17","date_gmt":"2022-11-24T08:17:17","guid":{"rendered":"https:\/\/mfi.gov.hu\/international-public-law-from-a-central-european-perspective\/"},"modified":"2022-11-24T09:17:17","modified_gmt":"2022-11-24T08:17:17","slug":"international-public-law-from-a-central-european-perspective","status":"publish","type":"post","link":"https:\/\/mfi.gov.hu\/en\/international-public-law-from-a-central-european-perspective\/","title":{"rendered":"International Public Law from a Central European Perspective"},"content":{"rendered":"\n<p class=\"wp-block-paragraph\">The Ferenc M\u00e1dl Institute of Comparative Law (MFI) and the Central European Academy (CEA) of the University of Miskolc organized an international conference on the 22<sup>nd<\/sup>&nbsp;of April 2022 in the Hungarian Academy of Sciences entitled \u201cInternational Public Law from a Central European Perspective\u201d.&nbsp;<\/p>\n\n\n\n<p class=\"wp-block-paragraph\">&nbsp;<br>The conference provided an opportunity for the authors of the forthcoming book, \u201cInternational Public Law from a Central European Perspective\u201d, to present their chapters and discuss current issues of international law from the perspective of Central and Eastern European countries. Topics covered include sovereignty and identity in international law, various forms and levels of international cooperation, international protection of individuals, communities and values, international criminal law, and migration.&nbsp;<\/p>\n\n\n\n<p class=\"wp-block-paragraph\">We had the honour of greeting&nbsp; the authors of the book and the speakers at the conference&nbsp;Bertrand MATHIEU (University of Sorbonne, France), Pawe\u0142 CZUBIK (Cracow University of Economics, Poland), Rodoljub ETINSKI (University of Novi Sad, Serbia), P\u00e9ter KOV\u00c1CS (P\u00e1zm\u00e1ny P\u00e9ter Catholic University, Hungary), P\u00e9ter PACZOLAY (University of Szeged, Hungary), Elisabeth S\u00c1NDOR-SZALAY (University of P\u00e9cs, Hungary),&nbsp;Rutvica&nbsp;Rusan NOVOKMET (University of Zagreb, Croatia), Anik\u00f3 RAISZ (University of Miskolc, Hungary), Katarzyna ZOMBORY (University of Miskolc \u2013 Central European Academy, Hungary).&nbsp;<\/p>\n\n\n\n<p class=\"wp-block-paragraph\">Although the other authors of the book could not be present in person, the professors involved in the research, El\u017cbieta KARSKA (Cardinal Stefan Wyszy\u0144ski University in Warsaw (UKSW), Poland), Karol KARSKI (University of Warsaw, Poland), Micha\u0142 BALCERZAK (Nicolaus Copernicus University in Toru\u0144, Poland) honoured us with a video login.&nbsp;&nbsp;<\/p>\n\n\n\n<p class=\"wp-block-paragraph\"><strong>The programme of the conference<\/strong><\/p>\n\n\n\n<p class=\"wp-block-paragraph\"><strong>Moderator: Anik\u00f3 RAISZ<\/strong><br>University of Miskolc, Hungary<\/p>\n\n\n\n<p class=\"wp-block-paragraph\">9:30-10:00 Registration, welcome coffee<\/p>\n\n\n\n<p class=\"wp-block-paragraph\"><strong>10:00-10:20 Opening of the conference, welcome speech<\/strong><br><strong>Anik\u00f3 RAISZ<\/strong><br>University of Miskolc, Hungary<\/p>\n\n\n\n<p class=\"wp-block-paragraph\"><strong>Panel I.<\/strong><\/p>\n\n\n\n<p class=\"wp-block-paragraph\"><strong>10:20-10:40 Constitutional Identity<\/strong><br><strong>Bertrand MATHIEU<\/strong><br>University of Sorbonne, France<\/p>\n\n\n\n<p class=\"wp-block-paragraph\"><strong>10:40-11:00 Sovereignty in International Law<\/strong><br><strong>Pawe\u0142 CZUBIK<\/strong><br>Cracow University of Economics, Poland<\/p>\n\n\n\n<p class=\"wp-block-paragraph\"><strong>11:00-11:20 State Succession<\/strong><br><strong>Rodoljub ETINSKI<\/strong><br>University of Novi Sad, Serbia<\/p>\n\n\n\n<p class=\"wp-block-paragraph\"><strong>11:20-11:40 International Cooperation (International Organizations)<\/strong><br><strong>El\u017cbieta KARSKA<\/strong><br>Cardinal Stefan Wyszy\u0144ski University in Warsaw (UKSW), Poland<\/p>\n\n\n\n<p class=\"wp-block-paragraph\">11:40-12:40 Standing reception<\/p>\n\n\n\n<p class=\"wp-block-paragraph\"><strong>Panel II.<\/strong><\/p>\n\n\n\n<p class=\"wp-block-paragraph\"><strong>12:40-13:00 International Criminal Law<\/strong><br><strong>P\u00e9ter KOV\u00c1CS<\/strong><br>P\u00e1zm\u00e1ny P\u00e9ter Catholic University, Hungary<\/p>\n\n\n\n<p class=\"wp-block-paragraph\"><strong>13:00-13:20 Protection of Human Rights<\/strong><br><strong>P\u00e9ter PACZOLAY<\/strong><br>University of Szeged, Hungary<\/p>\n\n\n\n<p class=\"wp-block-paragraph\"><strong>13:20-13:40 Protection of Minorities<\/strong><br><strong>Elisabeth S\u00c1NDOR-SZALAY<\/strong><br>University of P\u00e9cs, Hungary<\/p>\n\n\n\n<p class=\"wp-block-paragraph\"><strong>14:00-14:20 Migration<\/strong><br><strong>Karol KARSKI<\/strong><br>University of Warsaw, Poland<\/p>\n\n\n\n<p class=\"wp-block-paragraph\">14:20-14:40 Coffee break<\/p>\n\n\n\n<p class=\"wp-block-paragraph\"><strong>Panel III.<\/strong><\/p>\n\n\n\n<p class=\"wp-block-paragraph\"><strong>14:40-15:00 International Peace and Security<\/strong><br><strong>Rutvica Rusan NOVOKMET<\/strong><br>University of Zagreb, Croatia<\/p>\n\n\n\n<p class=\"wp-block-paragraph\"><strong>15:00-15:20 International dispute settlement<\/strong><br><strong>Micha\u0142 BALCERZAK<\/strong><br>Nicolaus Copernicus University in Toru\u0144, Poland<\/p>\n\n\n\n<p class=\"wp-block-paragraph\"><strong>15:20-15:40 International Environmental Law<\/strong><br><strong>Anik\u00f3 RAISZ<\/strong><br>University of Miskolc, Hungary<\/p>\n\n\n\n<p class=\"wp-block-paragraph\"><strong>15:40-16:00 The Protection of Cultural Heritage in International Law<\/strong><br><strong>Katarzyna ZOMBORY<\/strong><br>University of Miskolc \u2013 Central European Academy, Hungary<\/p>\n\n\n\n<p class=\"wp-block-paragraph\"><strong>16:00-16:20 Closing remarks<\/strong><br><strong>Anik\u00f3 RAISZ<\/strong><br>University of Miskolc, Hungary<br><\/p>\n\n\n\n<p class=\"wp-block-paragraph\"><a href=\"https:\/\/web.archive.org\/web\/20220811101659\/https:\/\/www.google.com\/calendar\/event?action=TEMPLATE&amp;dates=20220422T100000\/20220422T163000&amp;text=International%20Public%20Law%20from%20a%20Central%20European%20Perspective&amp;location=Hungarian%20Academy%20of%20Sciences%20%E2%80%93%20Budapest&amp;trp=false&amp;ctz=UTC&amp;sprop=website:https:\/\/mfi.gov.hu\" target=\"_blank\" rel=\"noreferrer noopener\">+<\/a><\/p>\n","protected":false},"excerpt":{"rendered":"<p>The Ferenc M\u00e1dl Institute of Comparative Law (MFI) and the Central European Academy (CEA) of the University of Miskolc organized an international conference on the 22nd\u00a0of April 2022 in the Hungarian Academy of Sciences entitled \u201cInternational Public Law from a Central European Perspective\u201d.\u00a0<\/p>\n","protected":false},"author":1,"featured_media":3439,"comment_status":"open","ping_status":"open","sticky":false,"template":"","format":"standard","meta":{"_acf_changed":false,"footnotes":""},"categories":[32],"tags":[],"class_list":["post-5522","post","type-post","status-publish","format-standard","has-post-thumbnail","hentry","category-event"],"acf":[],"_links":{"self":[{"href":"https:\/\/mfi.gov.hu\/en\/wp-json\/wp\/v2\/posts\/5522","targetHints":{"allow":["GET"]}}],"collection":[{"href":"https:\/\/mfi.gov.hu\/en\/wp-json\/wp\/v2\/posts"}],"about":[{"href":"https:\/\/mfi.gov.hu\/en\/wp-json\/wp\/v2\/types\/post"}],"author":[{"embeddable":true,"href":"https:\/\/mfi.gov.hu\/en\/wp-json\/wp\/v2\/users\/1"}],"replies":[{"embeddable":true,"href":"https:\/\/mfi.gov.hu\/en\/wp-json\/wp\/v2\/comments?post=5522"}],"version-history":[{"count":0,"href":"https:\/\/mfi.gov.hu\/en\/wp-json\/wp\/v2\/posts\/5522\/revisions"}],"wp:featuredmedia":[{"embeddable":true,"href":"https:\/\/mfi.gov.hu\/en\/wp-json\/wp\/v2\/media\/3439"}],"wp:attachment":[{"href":"https:\/\/mfi.gov.hu\/en\/wp-json\/wp\/v2\/media?parent=5522"}],"wp:term":[{"taxonomy":"category","embeddable":true,"href":"https:\/\/mfi.gov.hu\/en\/wp-json\/wp\/v2\/categories?post=5522"},{"taxonomy":"post_tag","embeddable":true,"href":"https:\/\/mfi.gov.hu\/en\/wp-json\/wp\/v2\/tags?post=5522"}],"curies":[{"name":"wp","href":"https:\/\/api.w.org\/{rel}","templated":true}]}}